{"id":7043,"date":"2025-05-19T21:50:23","date_gmt":"2025-05-19T21:50:23","guid":{"rendered":"https:\/\/ladenkfabrik.eu\/?p=7043"},"modified":"2025-05-22T15:30:38","modified_gmt":"2025-05-22T15:30:38","slug":"entree-dans-une-nouvelle-ere-politique-en-allemagne","status":"publish","type":"post","link":"https:\/\/ladenkfabrik.eu\/fr\/publications\/denkaktu\/entree-dans-une-nouvelle-ere-politique-en-allemagne\/","title":{"rendered":"Entr\u00e9e dans une nouvelle \u00e8re politique en Allemagne ?"},"content":{"rendered":"\n<p>Il est toujours difficile de d\u00e9terminer le point de bascule d\u2019un ordre mondial \u00e0 un autre. Aux yeux des jeunes g\u00e9n\u00e9rations de France et d\u2019Allemagne, ce moment pouvait \u00eatre le retour de la guerre en Europe, le d\u00e9part d\u2019Angela Merkel de la chancellerie allemande, voire la dissolution de l\u2019Assembl\u00e9e nationale fran\u00e7aise par Emmanuel Macron \u00e0 la suite des \u00e9lections europ\u00e9ennes. Tous ces \u00e9v\u00e9nements sont vus comme le sympt\u00f4me d\u2019une nouvelle \u00e8re politique, ou comme un \u00e9l\u00e9ment parmi tant d\u2019autres, qui marquent ou entra\u00eenent l\u2019installation d\u2019un changement radical qui se fait ressentir depuis plusieurs ann\u00e9es dans le monde et en Europe. Le retrait du parti FDP (Freie Demokratische Partei) de la coalition au pouvoir en Allemagne, entra\u00eenant la dissolution du parlement allemand et la tenue d\u2019\u00e9lections anticip\u00e9es, repr\u00e9sentait une transformation suppl\u00e9mentaire dans la g\u00e9opolitique europ\u00e9enne. Cette annonce se faisait le m\u00eame jour o\u00f9 Donald Trump fut \u00e9lu pour la deuxi\u00e8me fois en tant que pr\u00e9sident des \u00c9tats-Unis.<\/p>\n\n\n\n<p>S\u2019il est difficile de savoir quel \u00e9l\u00e9ment a marqu\u00e9 le passage de l\u2019ancien vers le nouveau monde, diff\u00e9rencier les sympt\u00f4mes des cons\u00e9quences peut \u00e9galement s\u2019av\u00e9rer complexe et subjectif. Il est cependant certain que les structures \u00e9tatiques et la reconstruction europ\u00e9enne sont le r\u00e9sultat quasi direct de l\u2019apr\u00e8s-guerre et des traumatismes qu\u2019elle a entra\u00een\u00e9s : la d\u00e9militarisation de l\u2019Allemagne en \u00e9tant un marqueur central.<\/p>\n\n\n\n<p>La France et l\u2019Allemagne doivent faire face depuis plusieurs ann\u00e9es maintenant \u00e0 une forte mont\u00e9e des extr\u00eames, \u00e0 un euroscepticisme grandissant, aux risques qu\u2019engendre le d\u00e9r\u00e8glement climatique. Ces divers d\u00e9fis n\u2019auront cependant pas occasionn\u00e9 un changement de politique aussi radical que la remise en question de l\u2019alliance transatlantique caus\u00e9e par l\u2019administration Donald Trump 2. Cette administration, bien plus radicale que celle que nous avions connue entre 2016 et 2020, remet en cause les relations entre les \u00c9tats-Unis et l\u2019ancien continent en vigueur depuis plus d\u2019un demi-si\u00e8cle. C\u2019est ce que d\u00e9montre ind\u00e9niablement une loi vot\u00e9e au parlement allemand le mardi 18 mars 2025. En ce jour, le Bundestag tournait une page de son histoire, voire cl\u00f4turait un chapitre.<\/p>\n\n\n\n<p>Ce pays, dont la (re)construction fut encadr\u00e9e par les Alli\u00e9s au lendemain de la guerre, inscrivait dans sa structure et sa constitution les le\u00e7ons tir\u00e9es de son pass\u00e9. Le refus de l\u2019Allemagne de se positionner comme puissance militaire, et sa rigueur \u00e9conomique, en sont de parfaits exemples. L\u2019aust\u00e9rit\u00e9 budg\u00e9taire allemande trouve ses racines modernes dans le traumatisme engendr\u00e9 par l\u2019hyperinflation des ann\u00e9es 1920, o\u00f9 la monnaie avait perdu toute sa valeur et une brouette de billets \u00e9tait n\u00e9cessaire pour acheter une baguette de pain. Elle s\u2019inscrit plus largement aussi dans une culture de s\u00e9rieux budg\u00e9taire que certains font remonter \u00e0 la R\u00e9forme luth\u00e9rienne.<\/p>\n\n\n\n<p>Sa mise en \u0153uvre, quant \u00e0 elle, s\u2019exprimait dans la Loi fondamentale. Plus sp\u00e9cifiquement \u00e0 travers la <em>Schwarze Null<\/em>, \u00ab le z\u00e9ro noir \u00bb, qui limite l\u2019endettement des L\u00e4nder \u00e0 0,35 % du PIB et qui se devait d\u2019\u00eatre l\u2019assurance d\u2019un pays \u00e9conomiquement stable. Aux yeux des p\u00e8res de la R\u00e9publique f\u00e9d\u00e9rale d\u2019Allemagne, une \u00e9conomie stable \u00e9tait un premier rempart contre l\u2019inflation et l\u2019instabilit\u00e9 politique. L\u2019histoire ayant d\u00e9montr\u00e9 qu\u2019ils ouvraient la voie au populisme, au nationalisme et, plus largement, au d\u00e9sespoir politique. Seulement, la mont\u00e9e fulgurante du parti d\u2019extr\u00eame droite AfD (<em>Alternative f\u00fcr Deutschland<\/em>) d\u00e9montre que cette aust\u00e9rit\u00e9 n\u2019aura pas sauv\u00e9 l\u2019Allemagne.<\/p>\n\n\n\n<p>Cette transformation du paysage politique s\u2019accompagne d\u2019une grande incertitude vis-\u00e0-vis des USA, qui assuraient jusqu\u2019alors la s\u00e9curit\u00e9 militaire de la R\u00e9publique f\u00e9d\u00e9rale. \u00c0 quelques jours de l\u2019entr\u00e9e en fonction du nouveau parlement, les d\u00e9put\u00e9\u00b7e\u00b7s de \u00ab l\u2019ancien \u00bb Bundestag s\u2019\u00e9taient empress\u00e9\u00b7e\u00b7s de voter une r\u00e9vision de cette Loi fondamentale qui devait adresser les d\u00e9fis que posent ces transformations.<\/p>\n\n\n\n<p>Cette r\u00e9forme, qui entend assouplir le frein \u00e0 l\u2019endettement que repr\u00e9sente la Schwarze Null, \u00e9tait la premi\u00e8re mesure de Friedrich Merz, nouveau chancelier, qui a certes r\u00e9ussi \u00e0 faire voter une mesure avant son entr\u00e9e en fonction, mais restera dans les annales pour \u00eatre le premier chancelier \u00e0 avoir \u00e9chou\u00e9 \u00e0 \u00eatre \u00e9lu au premier tour au Bundestag.<\/p>\n\n\n\n<p>Celui qui a permis un investissement de plusieurs centaines de milliards d\u2019euros, gr\u00e2ce \u00e0 la cr\u00e9ation d\u2019un fonds sp\u00e9cial de 500 milliards d\u2019euros qui sera investi dans les infrastructures \u00e0 travers des cr\u00e9dits, illustre \u00e0 bien des \u00e9gards ce nouvel ordre politique. Ce plan d\u2019endettement allemand, marqueur de l\u2019arriv\u00e9e d\u2019une nouvelle \u00e9poque dans laquelle le pays se d\u00e9cide \u00e0 reprendre sa d\u00e9fense en main en se distan\u00e7ant de sa d\u00e9pendance vis-\u00e0-vis de son alli\u00e9 \u00e9tats-unien, aura aussi cl\u00f4tur\u00e9 la stabilit\u00e9 politique de l\u2019apr\u00e8s-guerre. Ce revirement \u00e9conomique a \u00e9t\u00e9 vot\u00e9 \u00e0 la h\u00e2te, car toute modification de la constitution n\u00e9cessite l\u2019accord des 2\/3 du parlement. Cette majorit\u00e9 ne pouvait \u00eatre atteinte qu\u2019avec l\u2019ancien parlement. En effet, les r\u00e9sultats obtenus par l\u2019AfD lors des \u00e9lections du 23 f\u00e9vrier lui donnent une majorit\u00e9 d\u2019opposition encore jamais vue. Cette nouvelle configuration du Bundestag est un marqueur suppl\u00e9mentaire de ces changements politiques que subit l\u2019Allemagne, et qui l\u2019\u00e9loignent encore plus de sa construction id\u00e9ologique et institutionnelle de l\u2019apr\u00e8s-guerre. \u00c9volution marqu\u00e9e par ce faux d\u00e9part pour Friedrich Merz, qui subit de plein fouet l\u2019\u00e9clatement du Bundestag, dans lequel les partis de gouvernement historiques que sont la CDU et le SPD ne peuvent plus assurer \u00e0 eux seuls le bon fonctionnement du parlement et font face \u00e0 une opposition bruyante et puissante.<\/p>\n\n\n\n<p>\u202fAinsi, en l\u2019espace de quelques mois, les changements qui se profilaient depuis plusieurs ann\u00e9es sont devenus r\u00e9alit\u00e9. Qu\u2019il s\u2019agisse de la fin de l\u2019organisation bipartisane h\u00e9rit\u00e9e de l\u2019apr\u00e8s-guerre, du renoncement \u00e0 l\u2019orthodoxie budg\u00e9taire ou du repositionnement militaire, l\u2019Allemagne affronte d\u00e9sormais les d\u00e9fis du XXI\u1d49 si\u00e8cle en rompant avec le cadre h\u00e9rit\u00e9 de la Seconde Guerre mondiale.<\/p>\n\n\n\n<p><strong><em>Lucille Niro<\/em><\/strong><\/p>\n","protected":false},"excerpt":{"rendered":"<p>Il est toujours difficile de d\u00e9terminer le point de bascule d\u2019un ordre mondial \u00e0 un autre. Aux yeux des jeunes g\u00e9n\u00e9rations de France et d\u2019Allemagne, ce moment pouvait \u00eatre le retour de la guerre en Europe, le d\u00e9part d\u2019Angela Merkel de la chancellerie allemande, voire la dissolution de l\u2019Assembl\u00e9e nationale fran\u00e7aise par Emmanuel Macron \u00e0 [&hellip;]<\/p>\n","protected":false},"author":14,"featured_media":7044,"comment_status":"closed","ping_status":"closed","sticky":false,"template":"","format":"standard","meta":{"footnotes":""},"categories":[63],"tags":[],"class_list":["post-7043","post","type-post","status-publish","format-standard","has-post-thumbnail","hentry","category-denkaktu"],"_links":{"self":[{"href":"https:\/\/ladenkfabrik.eu\/fr\/wp-json\/wp\/v2\/posts\/7043","targetHints":{"allow":["GET"]}}],"collection":[{"href":"https:\/\/ladenkfabrik.eu\/fr\/wp-json\/wp\/v2\/posts"}],"about":[{"href":"https:\/\/ladenkfabrik.eu\/fr\/wp-json\/wp\/v2\/types\/post"}],"author":[{"embeddable":true,"href":"https:\/\/ladenkfabrik.eu\/fr\/wp-json\/wp\/v2\/users\/14"}],"replies":[{"embeddable":true,"href":"https:\/\/ladenkfabrik.eu\/fr\/wp-json\/wp\/v2\/comments?post=7043"}],"version-history":[{"count":2,"href":"https:\/\/ladenkfabrik.eu\/fr\/wp-json\/wp\/v2\/posts\/7043\/revisions"}],"predecessor-version":[{"id":7046,"href":"https:\/\/ladenkfabrik.eu\/fr\/wp-json\/wp\/v2\/posts\/7043\/revisions\/7046"}],"wp:featuredmedia":[{"embeddable":true,"href":"https:\/\/ladenkfabrik.eu\/fr\/wp-json\/wp\/v2\/media\/7044"}],"wp:attachment":[{"href":"https:\/\/ladenkfabrik.eu\/fr\/wp-json\/wp\/v2\/media?parent=7043"}],"wp:term":[{"taxonomy":"category","embeddable":true,"href":"https:\/\/ladenkfabrik.eu\/fr\/wp-json\/wp\/v2\/categories?post=7043"},{"taxonomy":"post_tag","embeddable":true,"href":"https:\/\/ladenkfabrik.eu\/fr\/wp-json\/wp\/v2\/tags?post=7043"}],"curies":[{"name":"wp","href":"https:\/\/api.w.org\/{rel}","templated":true}]}}