{"id":4193,"date":"2022-08-07T13:53:06","date_gmt":"2022-08-07T11:53:06","guid":{"rendered":"https:\/\/ladenkfabrik.eu\/?p=4193"},"modified":"2023-02-24T18:27:59","modified_gmt":"2023-02-24T18:27:59","slug":"la-france-et-lallemagne-en-afrique-subsaharienne-partenaires-ou-concurrents-de-demain","status":"publish","type":"post","link":"https:\/\/ladenkfabrik.eu\/fr\/publications\/denkdefense\/la-france-et-lallemagne-en-afrique-subsaharienne-partenaires-ou-concurrents-de-demain\/","title":{"rendered":"\ufffcLa France et l\u2019Allemagne en Afrique subsaharienne\u00a0: partenaires ou concurrents de demain\u00a0?"},"content":{"rendered":"\n<h2 class=\"wp-block-heading\">Deux approches diff\u00e9rentes des relations avec les pays africains&nbsp;<\/h2>\n\n\n\n<p>Paris et Berlin ont pendant de longues ann\u00e9es pratiqu\u00e9 une politique africaine diff\u00e9rente, et ce depuis la vague des ind\u00e9pendances africaines des ann\u00e9es 1960. La France cherchait alors surtout \u00e0 entretenir des relations bilat\u00e9rales \u00e9troites avec ses anciennes colonies, une politique \u00ab&nbsp;fran\u00e7africaine&nbsp;\u00bb souvent d\u00e9nonc\u00e9e comme \u00ab&nbsp;n\u00e9ocoloniale&nbsp;\u00bb car elle visait \u00e0 s\u00e9curiser l\u2019influence de Paris dans son ancien pr\u00e9 carr\u00e9 au d\u00e9triment des droits humains. La France n\u2019h\u00e9sitait en outre pas \u00e0 user de la force militaire pour prot\u00e9ger ses int\u00e9r\u00eats s\u00e9curitaires sur le continent. L\u2019Allemagne ne manifestait quant \u00e0 elle que peu d\u2019int\u00e9r\u00eat pour l\u2019Afrique d\u00fb \u00e0 son exp\u00e9rience coloniale limit\u00e9e et au fait que peu de ressortissants originaires d\u2019Afrique subsaharienne vivent sur son sol. Depuis les ann\u00e9es 1970 cependant, un tournant s\u2019est op\u00e9r\u00e9&nbsp;: la R\u00e9publique f\u00e9d\u00e9rale met aujourd\u2019hui l\u2019accent sur le d\u00e9veloppement \u00e9conomique du continent et sur sa \u00ab&nbsp;bonne gouvernance&nbsp;\u00bb (d\u00e9mocratie, lutte contre la corruption etc.) dans un cadre multilat\u00e9ral d\u00e9fini par le FMI ou la Banque mondiale. Si leurs approches divergent donc diam\u00e9tralement \u00e0 l\u2019origine, la France et l\u2019Allemagne n\u2019en ont pas moins rapproch\u00e9 leurs positionnements en Afrique depuis les ann\u00e9es 2000.<\/p>\n\n\n\n<h2 class=\"wp-block-heading\">Vers une convergence des positions&nbsp;?<\/h2>\n\n\n\n<p>En effet, la France vise aujourd\u2019hui davantage \u00e0 inclure son action en Afrique dans un cadre multilat\u00e9ral en cherchant l\u2019appui de l\u2019UE, dont plusieurs membres ont contribu\u00e9 \u00e0 l\u2019op\u00e9ration \u00ab&nbsp;Barkhane&nbsp;\u00bb, ou de l\u2019UA (Union Africaine). Sa nouvelle politique africaine s\u2019inscrit dans le cadre \u00ab&nbsp;3D&nbsp;\u00bb&nbsp;: diplomatie, d\u00e9fense, d\u00e9veloppement. Emmanuel Macron entretient aujourd\u2019hui le dialogue avec la jeunesse africaine plut\u00f4t qu\u2019avec ses dirigeants pour apaiser les m\u00e9moires traumatis\u00e9es par la p\u00e9riode coloniale<a href=\"applewebdata:\/\/BB2E57A9-AE99-4B2B-9934-E00B0518ED65#_ftn1\"><sup>[1]<\/sup><\/a>. L\u2019Allemagne a revu sa position sur l\u2019emploi de la force militaire sur le continent&nbsp;africain : initialement r\u00e9ticente \u00e0 l\u2019envoi de soldats car lui pr\u00e9f\u00e9rant le r\u00e8glement civil et pr\u00e9ventif des conflits, la chanceli\u00e8re Angela Merkel a d\u00e9cid\u00e9 de soutenir l\u2019intervention de l\u2019arm\u00e9e tricolore au Mali d\u00e8s 2015. La Bundeswehr participe \u00e0 la mission europ\u00e9enne de formation de l\u2019arm\u00e9e malienne (EUTM-M) et \u00e0 la mission des Nations Unies au Mali (MINUSMA). Les efforts conjoints de la France et l\u2019Allemagne portent les efforts de l\u2019UE vers l\u2019Afrique, notamment en ce qui concerne l\u2019aide au d\u00e9veloppement<a href=\"applewebdata:\/\/BB2E57A9-AE99-4B2B-9934-E00B0518ED65#_ftn2\"><sup>[2]<\/sup><\/a>. Cependant, ce rapprochement pourrait paradoxalement mener \u00e0 une nouvelle concurrence entre France et Allemagne.&nbsp;&nbsp;<\/p>\n\n\n\n<h2 class=\"wp-block-heading\">De partenaires\u2026 \u00e0 rivaux&nbsp;?<\/h2>\n\n\n\n<p>La red\u00e9couverte du continent africain par l\u2019Allemagne est source d\u2019inqui\u00e9tude pour la France. Depuis 2011, le gouvernement allemand souligne l\u2019importance des liens \u00e9conomiques priv\u00e9s entre entreprises allemandes et le dynamique continent africain. Berlin d\u00e9fend depuis 2017 l\u2019id\u00e9e d\u2019un \u00ab&nbsp;plan Marshall&nbsp;\u00bb pour l\u2019Afrique, autrement dit \u00ab une strat\u00e9gie globale, int\u00e9grant l\u2019Union europ\u00e9enne, les \u00c9tats membres et l\u2019Union africaine, et fixant comme priorit\u00e9s le commerce \u00ab&nbsp;\u00e9quitable&nbsp;\u00bb, l\u2019accroissement des investissements priv\u00e9s et le renforcement de l\u2019entrepreneuriat \u00bb d\u2019apr\u00e8s Alexandre Robinet-Borgomano, chercheur \u00e0 l\u2019Institut Montaigne<a href=\"applewebdata:\/\/BB2E57A9-AE99-4B2B-9934-E00B0518ED65#_ftn3\"><sup>[3]<\/sup><\/a>. De plus, avec le plan \u00ab&nbsp;Compact Africa&nbsp;\u00bb visant \u00e0 faciliter les \u00e9changes entre Afrique et Europe sous l\u2019\u00e9gide du G20, de la Banque mondiale, du FMI et de la Banque africaine de d\u00e9veloppement, l\u2019Allemagne assume son approche tr\u00e8s \u00ab&nbsp;business&nbsp;\u00bb du continent africain, jouant sur sa popularit\u00e9 plus \u00e9lev\u00e9e que celle de la France. Autre ombre au tableau pour Paris&nbsp;: le possible retrait des troupes allemandes du Mali, laissant les Fran\u00e7ais seuls sur place<a href=\"applewebdata:\/\/BB2E57A9-AE99-4B2B-9934-E00B0518ED65#_ftn4\"><sup>[4]<\/sup><\/a>. Il faut toutefois souligner que les objectifs des deux voisins restent les m\u00eames&nbsp;: lutter contre le terrorisme islamiste, s\u00e9curiser les routes migratoires et enfin d\u00e9velopper les \u00e9changes commerciaux avec l\u2019Afrique, ce qui esquisse des perspectives encourageantes pour la coop\u00e9ration europ\u00e9enne en Afrique subsaharienne.&nbsp;<\/p>\n\n\n\n<hr class=\"wp-block-separator has-alpha-channel-opacity\"\/>\n\n\n\n<p><a href=\"applewebdata:\/\/BB2E57A9-AE99-4B2B-9934-E00B0518ED65#_ftnref1\"><sup>[1]<\/sup><\/a>&nbsp;<a href=\"https:\/\/www.lemonde.fr\/afrique\/article\/2022\/04\/04\/election-presidentielle-2022-les-ambitions-bousculees-de-macron-l-africain_6120426_3212.html\">https:\/\/www.lemonde.fr\/afrique\/article\/2022\/04\/04\/election-presidentielle-2022-les-ambitions-bousculees-de-macron-l-africain_6120426_3212.html<\/a><\/p>\n\n\n\n<p><a href=\"applewebdata:\/\/BB2E57A9-AE99-4B2B-9934-E00B0518ED65#_ftnref2\"><sup>[2]<\/sup><\/a>&nbsp;<a href=\"https:\/\/www.cairn.info\/revue-allemagne-d-aujourd-hui-2021-2-page-129.htm\">https:\/\/www.cairn.info\/revue-allemagne-d-aujourd-hui-2021-2-page-129.htm<\/a><\/p>\n\n\n\n<p><a href=\"applewebdata:\/\/BB2E57A9-AE99-4B2B-9934-E00B0518ED65#_ftnref3\"><sup>[3]<\/sup><\/a>&nbsp;<a href=\"https:\/\/www.institutmontaigne.org\/blog\/la-politique-africaine-de-lallemagne\">https:\/\/www.institutmontaigne.org\/blog\/la-politique-africaine-de-lallemagne<\/a><\/p>\n\n\n\n<p><a href=\"applewebdata:\/\/BB2E57A9-AE99-4B2B-9934-E00B0518ED65#_ftnref4\"><sup>[4]<\/sup><\/a>&nbsp;<a href=\"https:\/\/www.zeit.de\/politik\/ausland\/2022-02\/bundeswehr-mali-einsatz-bundesverteidigungsministerin-christine-lambrecht\">https:\/\/www.zeit.de\/politik\/ausland\/2022-02\/bundeswehr-mali-einsatz-bundesverteidigungsministerin-christine-lambrecht<\/a><\/p>\n","protected":false},"excerpt":{"rendered":"<p>Deux approches diff\u00e9rentes des relations avec les pays africains&nbsp; Paris et Berlin ont pendant de longues ann\u00e9es pratiqu\u00e9 une politique africaine diff\u00e9rente, et ce depuis la vague des ind\u00e9pendances africaines des ann\u00e9es 1960. La France cherchait alors surtout \u00e0 entretenir des relations bilat\u00e9rales \u00e9troites avec ses anciennes colonies, une politique \u00ab&nbsp;fran\u00e7africaine&nbsp;\u00bb souvent d\u00e9nonc\u00e9e comme \u00ab&nbsp;n\u00e9ocoloniale&nbsp;\u00bb [&hellip;]<\/p>\n","protected":false},"author":3,"featured_media":4315,"comment_status":"closed","ping_status":"closed","sticky":false,"template":"","format":"standard","meta":{"footnotes":""},"categories":[9],"tags":[],"class_list":["post-4193","post","type-post","status-publish","format-standard","has-post-thumbnail","hentry","category-denkdefense"],"_links":{"self":[{"href":"https:\/\/ladenkfabrik.eu\/fr\/wp-json\/wp\/v2\/posts\/4193","targetHints":{"allow":["GET"]}}],"collection":[{"href":"https:\/\/ladenkfabrik.eu\/fr\/wp-json\/wp\/v2\/posts"}],"about":[{"href":"https:\/\/ladenkfabrik.eu\/fr\/wp-json\/wp\/v2\/types\/post"}],"author":[{"embeddable":true,"href":"https:\/\/ladenkfabrik.eu\/fr\/wp-json\/wp\/v2\/users\/3"}],"replies":[{"embeddable":true,"href":"https:\/\/ladenkfabrik.eu\/fr\/wp-json\/wp\/v2\/comments?post=4193"}],"version-history":[{"count":0,"href":"https:\/\/ladenkfabrik.eu\/fr\/wp-json\/wp\/v2\/posts\/4193\/revisions"}],"wp:featuredmedia":[{"embeddable":true,"href":"https:\/\/ladenkfabrik.eu\/fr\/wp-json\/wp\/v2\/media\/4315"}],"wp:attachment":[{"href":"https:\/\/ladenkfabrik.eu\/fr\/wp-json\/wp\/v2\/media?parent=4193"}],"wp:term":[{"taxonomy":"category","embeddable":true,"href":"https:\/\/ladenkfabrik.eu\/fr\/wp-json\/wp\/v2\/categories?post=4193"},{"taxonomy":"post_tag","embeddable":true,"href":"https:\/\/ladenkfabrik.eu\/fr\/wp-json\/wp\/v2\/tags?post=4193"}],"curies":[{"name":"wp","href":"https:\/\/api.w.org\/{rel}","templated":true}]}}