{"id":4208,"date":"2022-08-14T12:15:11","date_gmt":"2022-08-14T10:15:11","guid":{"rendered":"https:\/\/ladenkfabrik.eu\/?p=4208"},"modified":"2023-02-24T18:26:03","modified_gmt":"2023-02-24T18:26:03","slug":"france-allemagne-turquie-relations-geopolitiques-au-carrefour-eurasiatique","status":"publish","type":"post","link":"https:\/\/ladenkfabrik.eu\/de\/publications\/denkdefense\/france-allemagne-turquie-relations-geopolitiques-au-carrefour-eurasiatique\/","title":{"rendered":"Frankreich, Deutschland, T\u00fcrkei: Geopolitische Beziehungen an der Kreuzung Eurasiens"},"content":{"rendered":"<p>Am Schnittpunkt von Geografie und Geschichte, Wirtschaft und Demografie sind die Beziehungen zwischen Istanbul, Paris und Berlin von Abh\u00e4ngigkeiten und Reibungen gepr\u00e4gt. Als eine der Gro\u00dfm\u00e4chte im europ\u00e4ischen Spiel hat die T\u00fcrkei eine lange Tradition der Interdependenz mit den beiden Nationen Frankreich und Deutschland. Als \"erhabene Pforte\" Asiens, vor den Grenzen eines heute gr\u00f6\u00dftenteils vereinten Europas, sind die Herausforderungen der Beziehungen zwischen den drei L\u00e4ndern vielf\u00e4ltig. Geopolitische, wirtschaftliche, soziale, religi\u00f6se und migrationsbezogene Fragen bestimmen den Alltag. Aus der Perspektive des deutsch-franz\u00f6sischen Paares wirft die \u201eT\u00fcrkeifrage\u201c eine grundlegende Frage auf: Welches Europa f\u00fcr morgen?&nbsp;<\/p>\n\n\n\n<h2 class=\"wp-block-heading\">Frankreich und die T\u00fcrkei: eine lange gemeinsame Geschichte mit Spannungen.<\/h2>\n\n\n\n<p>Frankreich und die T\u00fcrkei haben eine reiche gemeinsame Milit\u00e4rgeschichte, die \u00fcberwiegend sanft verlief. Diese geht auf die Kapitulationen von 1536 zur\u00fcck, die das B\u00fcndnis zwischen dem K\u00f6nigreich Frankreich unter Franz I.<sup>er<\/sup>&nbsp;und dem Osmanischen Reich unter Suleiman dem Pr\u00e4chtigen gegen das Heilige R\u00f6mische Reich Deutscher Nation unter Karl V. begr\u00fcndeten. Der Geist der Verst\u00e4ndigung in diesen Vertr\u00e4gen blieb, abgesehen von einigen kriegerischen Episoden, bis zum Beginn des zwanzigsten Jahrhunderts bestehen. Zu diesem Zeitpunkt unterst\u00fctzte Frankreich die Entwicklung der modernen T\u00fcrkei, der ersten s\u00e4kularen republikanischen Nation im Nahen Osten. Die gemeinsame NATO-Mitgliedschaft erm\u00f6glichte gemeinsame Verfahren und Standards, die den Austausch zwischen den beiden L\u00e4ndern erleichterten. Frankreich und die T\u00fcrkei sind heute durch zahlreiche R\u00fcstungsauftr\u00e4ge verbunden. Trotz dieser Handelserfolge litten die Wirtschaftsbeziehungen zwischen den beiden Nationen unter zahlreichen Streitigkeiten. So haben sich die Beziehungen durch mehrere Streitigkeiten zwischen diesen beiden Mittelmeerm\u00e4chten abgek\u00fchlt. Dabei handelt es sich um moralische und rechtliche Konflikte, wie die franz\u00f6sische Anerkennung des V\u00f6lkermords an den Armeniern, aber auch und vor allem um geostrategische Streitigkeiten. Erstens im Zusammenhang mit dem syrischen B\u00fcrgerkrieg: Die T\u00fcrkei sah die franz\u00f6sische Unterst\u00fctzung f\u00fcr die syrischen Kurdenmilizen in ihrem Kampf gegen den Islamischen Staat und die syrische Regierung sehr kritisch. Frankreich wiederum prangerte eine gewisse Nachgiebigkeit der T\u00fcrkei gegen\u00fcber den syrischen Islamisten an. In Libyen streiten sich Frankreich und die T\u00fcrkei \u00fcber ihre jeweilige Unterst\u00fctzung, wobei Frankreich die nationalistische Regierung von General Haftar und die T\u00fcrkei die demokratische, aber islamistischen Bewegungen nahestehende Regierung von Fayez El-Sarraj unterst\u00fctzt. Schlie\u00dflich wurde die offensive Haltung der T\u00fcrkei gegen\u00fcber Griechenland in Bezug auf die Ausbeutung der Gasfelder im \u00f6stlichen Mittelmeer von Frankreich scharf verurteilt. Diese Spannungsquellen f\u00fchrten zu einer relativen Eskalation, die Frankreich und die T\u00fcrkei heute in die Position von Rivalen im Mittelmeerraum bringt. Dar\u00fcber hinaus z\u00e4hlt Frankreich zu den Gegnern des t\u00fcrkischen EU-Beitrittsprozesses, der mittlerweile ausgesetzt wurde.&nbsp;<\/p>\n\n\n\n<p>&nbsp;Diese Spannungsquellen haben zu einer Eskalation gef\u00fchrt, die Frankreich und die T\u00fcrkei heute in die Position von Rivalen im Mittelmeer bringt. Dar\u00fcber hinaus sitzt Frankreich auf der Bank der Gegner des mittlerweile ausgesetzten Prozesses der t\u00fcrkischen Aufnahme in die Europ\u00e4ische Union.<\/p>\n\n\n\n<h2 class=\"wp-block-heading\">Die Komplexit\u00e4t der deutsch-t\u00fcrkischen Interdependenz&nbsp;<\/h2>\n\n\n\n<p>Auf der anderen Seite teilen Deutschland und die T\u00fcrkei gegenseitige wirtschaftliche und soziale Abh\u00e4ngigkeiten, die die Situation ganz anders aussehen lassen. Wenn Deutschland gegen\u00fcber der T\u00fcrkei eine relativ vers\u00f6hnliche Haltung einnimmt, die in Frankreich erstaunen mag, m\u00fcssen die Gr\u00fcnde daf\u00fcr analysiert werden. Die im Vergleich zu Frankreich eher zur\u00fcckhaltende Natur Deutschlands erspart ihm die Spannungen im Zusammenhang mit Syrien, Libyen und Griechenland, aber auch mit Armenien. Die deutsch-t\u00fcrkische Beziehung wird jedoch von anderen Herausforderungen bestimmt.<\/p>\n\n\n\n<ul class=\"wp-block-list\">\n<li>Seit den 1960er Jahren hat sich Deutschland stark auf t\u00fcrkische Arbeitnehmer verlassen, um seine demografischen Probleme und den Mangel an Arbeitskr\u00e4ften in den Nachkriegsjahrzehnten zu lindern. Aus diesem Grund ist die heute in Deutschland lebende t\u00fcrkische Diaspora mit etwa 3 Millionen Staatsangeh\u00f6rigen besonders gro\u00df. Dar\u00fcber hinaus waren Einb\u00fcrgerungen selten, da im deutschen Recht bis in die 2000er Jahre das Blutrecht vorherrschte. Dieses demografische Merkmal, zusammen mit der Tatsache, dass die T\u00fcrken in Deutschland im Durchschnitt stark an ihr Herkunftsland gebunden bleiben, macht die Beziehung komplexer. Geopolitische Entscheidungen, sowohl deutsche als auch t\u00fcrkische, h\u00e4ngen teilweise von dieser Situation ab.&nbsp;<\/li>\n\n\n\n<li>Die Energiefrage ist ebenfalls zentral, umso mehr angesichts der neuen Phase des russisch-ukrainischen Krieges, die Anfang 2022 begann. Der \"s\u00fcdliche Korridor\", ein Netz von Gas- und \u00d6lpipelines, das Russland s\u00fcdlich \u00fcber die T\u00fcrkei umgeht, ist f\u00fcr die deutsche Au\u00dfenpolitik von gro\u00dfer Bedeutung. Deutschland m\u00f6chte sich von den nat\u00fcrlichen Ressourcen Russlands unabh\u00e4ngig machen und versucht, die T\u00fcrkei zu schonen, um diese Transportwege aus dem Kaukasus und Zentralasien zu f\u00f6rdern.&nbsp;<\/li>\n\n\n\n<li>Schlie\u00dflich \u00fcbertr\u00e4gt der 2016 mit der Europ\u00e4ischen Union unterzeichnete Migrationspakt der T\u00fcrkei die Rolle, die Migrationsstr\u00f6me aus dem Nahen Osten und Nordafrika im Austausch f\u00fcr Geld und Einfluss einzud\u00e4mmen. Deutschland, ebenso wie seine europ\u00e4ischen Verb\u00fcndeten, ist in seiner Migrationspolitik weitgehend von diesem Pakt abh\u00e4ngig.<\/li>\n<\/ul>\n\n\n\n<p>So versucht Deutschland, die T\u00fcrkei an das europ\u00e4ische Spiel anzubinden, um zu verhindern, dass sie sich anderen Schaupl\u00e4tzen und B\u00fcndnissen zuwendet, wie zum Beispiel mit Russland. Aufgrund dieser Herausforderungen und Abh\u00e4ngigkeiten verfolgt Deutschland gegen\u00fcber der T\u00fcrkei eine vers\u00f6hnliche Politik und lehnt insbesondere jegliche Sanktionen als Reaktion auf die t\u00fcrkische Haltung ab. Deutschland steht auch an f\u00fcnfter Stelle bei den Waffenexporten in die T\u00fcrkei, wobei der Wert der Exporte f\u00fcnfmal so hoch ist wie der Frankreichs. Deutschland ist somit der gr\u00f6\u00dfte Handelspartner und der gr\u00f6\u00dfte ausl\u00e4ndische Investor der T\u00fcrkei.<\/p>\n\n\n\n<h2 class=\"wp-block-heading\">Deutsch-franz\u00f6sische Herausforderungen: eine europ\u00e4ische Antwort?&nbsp;<\/h2>\n\n\n\n<p>Die Beziehungen Frankreichs und Deutschlands zur T\u00fcrkei geh\u00f6ren zu den komplexesten der internationalen Beziehungen. Die zentrale Stellung, die das Land einnimmt, gepaart mit langfristig angelegten Herausforderungen und manchmal sehr unterschiedlichen Interessen, macht es schwierig, die Politik des deutsch-franz\u00f6sischen Paares zu harmonisieren. Im Rahmen der Europ\u00e4ischen Union ist die t\u00fcrkische Frage ein wichtiger Punkt, die EU selbst definieren muss. Ist es in ihrem Interesse, als politischer Akteur aufzutreten und in diesem Fall Griechenland zu verteidigen oder die T\u00fcrkei zu integrieren, um ihren Einfluss zu vergr\u00f6\u00dfern, oder spielt sie eine Vermittlerrolle, die Austausch und Kompromisse, z. B. in der Energiefrage, f\u00f6rdert?&nbsp;<\/p>","protected":false},"excerpt":{"rendered":"<p>Au confluent de la g\u00e9ographie et de l\u2019histoire, de l\u2019\u00e9conomie et de la d\u00e9mographie, les relations entre Istanbul, Paris et Berlin se constituent de d\u00e9pendances et de frictions. Situ\u00e9e parmi les grandes puissances du jeu europ\u00e9en, la Turquie poss\u00e8de une longue tradition d\u2019interd\u00e9pendance avec les deux nations fran\u00e7aise et allemande. \u00ab&nbsp;Sublime Porte&nbsp;\u00bb de l\u2019Asie, en [&hellip;]<\/p>\n","protected":false},"author":3,"featured_media":4312,"comment_status":"closed","ping_status":"closed","sticky":false,"template":"","format":"standard","meta":{"footnotes":""},"categories":[9],"tags":[],"class_list":["post-4208","post","type-post","status-publish","format-standard","has-post-thumbnail","hentry","category-denkdefense"],"_links":{"self":[{"href":"https:\/\/ladenkfabrik.eu\/de\/wp-json\/wp\/v2\/posts\/4208","targetHints":{"allow":["GET"]}}],"collection":[{"href":"https:\/\/ladenkfabrik.eu\/de\/wp-json\/wp\/v2\/posts"}],"about":[{"href":"https:\/\/ladenkfabrik.eu\/de\/wp-json\/wp\/v2\/types\/post"}],"author":[{"embeddable":true,"href":"https:\/\/ladenkfabrik.eu\/de\/wp-json\/wp\/v2\/users\/3"}],"replies":[{"embeddable":true,"href":"https:\/\/ladenkfabrik.eu\/de\/wp-json\/wp\/v2\/comments?post=4208"}],"version-history":[{"count":0,"href":"https:\/\/ladenkfabrik.eu\/de\/wp-json\/wp\/v2\/posts\/4208\/revisions"}],"wp:featuredmedia":[{"embeddable":true,"href":"https:\/\/ladenkfabrik.eu\/de\/wp-json\/wp\/v2\/media\/4312"}],"wp:attachment":[{"href":"https:\/\/ladenkfabrik.eu\/de\/wp-json\/wp\/v2\/media?parent=4208"}],"wp:term":[{"taxonomy":"category","embeddable":true,"href":"https:\/\/ladenkfabrik.eu\/de\/wp-json\/wp\/v2\/categories?post=4208"},{"taxonomy":"post_tag","embeddable":true,"href":"https:\/\/ladenkfabrik.eu\/de\/wp-json\/wp\/v2\/tags?post=4208"}],"curies":[{"name":"wp","href":"https:\/\/api.w.org\/{rel}","templated":true}]}}